{"id":3989,"date":"2026-04-07T12:42:40","date_gmt":"2026-04-07T12:42:40","guid":{"rendered":"https:\/\/dentissimi.com\/?p=3989"},"modified":"2026-04-07T13:02:54","modified_gmt":"2026-04-07T13:02:54","slug":"mikor-erdemes-eloszor-fogorvoshoz-vinni-a-gyereket","status":"publish","type":"post","link":"https:\/\/dentissimi.com\/sk\/2026\/04\/07\/mikor-erdemes-eloszor-fogorvoshoz-vinni-a-gyereket\/","title":{"rendered":"Kedy je vhodn\u00e9 vzia\u0165 die\u0165a prv\u00fdkr\u00e1t k zub\u00e1rovi?"},"content":{"rendered":"<div class=\"wpb-content-wrapper\"><div id=\"tm-row-69f18321f2670\" class=\"vc_row vc_row-outer vc_row-fluid\"><div id=\"tm-column-69f18321f2a77\" class=\"wpb_column vc_column_container vc_col-sm-12\"><div class=\"vc_column-inner\"><div class=\"wpb_wrapper\">\n\t<div class=\"wpb_text_column wpb_content_element\" >\n\t\t<div class=\"wpb_wrapper\">\n\t\t\t<p>Spr\u00e1vna starostlivos\u0165 o zuby patr\u00ed k z\u00e1kladnej hygiene. Hoci n\u00e1v\u0161tevy zub\u00e1ra zvy\u010dajne nepatria medzi ob\u013e\u00faben\u00e9 \u010dinnosti det\u00ed, je d\u00f4le\u017eit\u00e9, aby rodi\u010dia dbali na pravideln\u00e9 zubn\u00e9 prehliadky u\u017e od \u00fatleho veku. V\u010dasn\u00e1 zubn\u00e1 starostlivos\u0165 m\u00f4\u017ee pom\u00f4c\u0165 predch\u00e1dza\u0165 neskor\u0161\u00edm probl\u00e9mom, ktor\u00e9 si m\u00f4\u017eu vy\u017eadova\u0165 n\u00e1ro\u010dnej\u0161iu lie\u010dbu.<\/p>\n<hr data-start=\"626\" data-end=\"629\">\n<h3>Pre\u010do je k\u013e\u00fa\u010dov\u00e9 za\u010da\u0165 u\u017e v detstve?<\/h3>\n<p>Detsk\u00e9 zuby sa r\u00fdchlo menia a vyv\u00edjaj\u00fa, najm\u00e4 po\u010das prv\u00fdch rokov \u017eivota. V tomto obdob\u00ed sa vytv\u00e1raj\u00fa mlie\u010dne zuby, ktor\u00e9 nesk\u00f4r postupne nahr\u00e1dzaj\u00fa trval\u00e9 zuby. Pravideln\u00e9 n\u00e1v\u0161tevy zub\u00e1ra umo\u017e\u0148uj\u00fa v\u010das odhali\u0165 pr\u00edpadn\u00e9 probl\u00e9my, napr\u00edklad zubn\u00fd kaz, nespr\u00e1vne postavenie zubov alebo poruchy zhryzu.<\/p>\n<hr data-start=\"1171\" data-end=\"1174\">\n<h3>Vytv\u00e1ranie spr\u00e1vnych n\u00e1vykov dent\u00e1lnej hygieny<\/h3>\n<p>Pravideln\u00e9 n\u00e1v\u0161tevy zub\u00e1ra ned\u00e1vaj\u00fa len rodi\u010dom mo\u017enos\u0165 konzultova\u0165 so odborn\u00edkmi n\u00e1vyky dent\u00e1lnej hygieny ich det\u00ed, ale s\u00fa d\u00f4le\u017eit\u00e9 aj pre samotn\u00e9 deti, aby sa obozn\u00e1mili so spr\u00e1vnymi technikami \u010distenia zubov. Zub\u00e1ri m\u00f4\u017eu pom\u00f4c\u0165 de\u0165om nielen pochopi\u0165 v\u00fdznam \u010distenia zubov, ale aj nau\u010di\u0165 ich, ako sa o svoje zuby \u00fa\u010dinne stara\u0165. \u010c\u00edm sk\u00f4r sa za\u010dne so spr\u00e1vnou starostlivos\u0165ou o zuby, t\u00fdm men\u0161ia je pravdepodobnos\u0165, \u017ee sa nesk\u00f4r objavia zubn\u00e9 probl\u00e9my.<\/p>\n<h3>Zub\u00e1r nie je stra\u0161iak<\/h3>\n<p>Skor\u00e9 sk\u00fasenosti so zub\u00e1rom m\u00f4\u017eu pom\u00f4c\u0165 tomu, aby sa deti neb\u00e1li zubn\u00fdch o\u0161etren\u00ed, ale aby ich vn\u00edmali ako prirodzen\u00fa s\u00fa\u010das\u0165 \u017eivota. Ak u\u017e v \u00fatlom veku za\u017eij\u00fa, \u017ee im zub\u00e1r pom\u00e1ha, nesk\u00f4r bud\u00fa pri zubn\u00fdch o\u0161etreniach poci\u0165ova\u0165 menej strachu a \u013eah\u0161ie sa prisp\u00f4sobia potrebn\u00fdm vy\u0161etreniam.<\/p>\n<h3>\u00daplne prv\u00e1 n\u00e1v\u0161teva<\/h3>\n<p>Prv\u00e1 n\u00e1v\u0161teva zub\u00e1ra sa u det\u00ed zvy\u010dajne odpor\u00fa\u010da pribli\u017ene okolo prv\u00e9ho roku \u017eivota. V tomto obdob\u00ed e\u0161te nie je potrebn\u00e1 \u017eiadna lie\u010dba, iba vy\u0161etrenie zameran\u00e9 na budovanie d\u00f4very. Cie\u013eom prvej n\u00e1v\u0161tevy je, aby si die\u0165a zvyklo na zubn\u00fa ambulanciu a obozn\u00e1milo sa so zub\u00e1rskym prostred\u00edm. Ak je v\u0161etko v poriadku, \u010fal\u0161ie prevent\u00edvne prehliadky zvy\u010dajne prebiehaj\u00fa raz ro\u010dne.<\/p>\n<p>&nbsp;<\/p>\n<hr data-start=\"2189\" data-end=\"2192\">\n<h3><strong>Zhrnutie<\/strong><\/h3>\n<p>Pravidelnos\u0165 n\u00e1v\u0161tev zub\u00e1ra u det\u00ed je k\u013e\u00fa\u010dov\u00e1 pre dlhodob\u00e9 zachovanie ich \u00fastneho zdravia. V\u010dasn\u00fd za\u010diatok m\u00f4\u017ee pom\u00f4c\u0165 predch\u00e1dza\u0165 zubn\u00fdm probl\u00e9mom, prispie\u0165 k vytv\u00e1raniu spr\u00e1vnych n\u00e1vykov dent\u00e1lnej hygieny a z\u00e1rove\u0148 deti aj emocion\u00e1lne podpori\u0165 pri zvyk\u00e1n\u00ed si na zub\u00e1ra. Nezab\u00fadajme, \u017ee n\u00e1v\u0161tevy zub\u00e1ra nie s\u00fa d\u00f4le\u017eit\u00e9 len kv\u00f4li samotnej lie\u010dbe, ale predstavuj\u00fa aj z\u00e1klad prevencie a zdravej \u00fastnej hygieny, ktor\u00e9 pom\u00e1haj\u00fa de\u0165om na ceste k zdrav\u00e9mu \u017eivotu.<\/p>\n\n\t\t<\/div>\n\t<\/div>\n\n\t<div class=\"wpb_text_column wpb_content_element\" >\n\t\t<div class=\"wpb_wrapper\">\n\t\t\t<hr data-start=\"1544\" data-end=\"1547\" \/>\n\n\t\t<\/div>\n\t<\/div>\n<\/div><\/div><\/div><\/div>\n<\/div>","protected":false},"excerpt":{"rendered":"Fogaink megfelel\u0151 tiszt\u00e1ntart\u00e1sa az alapvet\u0151 higi\u00e9nia r\u00e9sze. B\u00e1r a fogorvosi l\u00e1togat\u00e1sok \u00e1ltal\u00e1ban nem tartoznak a gyerekek kedvenc elfoglalts\u00e1gai k\u00f6z\u00e9, de fontos, hogy a sz\u00fcl\u0151k odafigyeljenek a rendszeres fog\u00e1szati vizsg\u00e1latokra m\u00e1r eg\u00e9szen kicsi korban. A megfelel\u0151 id\u0151ben t\u00f6rt\u00e9n\u0151 fogorvosi ell\u00e1t\u00e1s seg\u00edthet megel\u0151zni a k\u00e9s\u0151bbi probl\u00e9m\u00e1kat, amelyek komolyabb kezel\u00e9seket vonhatnak maguk ut\u00e1n. Mi\u00e9rt kulcsfontoss\u00e1g\u00fa m\u00e1r gyermekkorban elkezdeni? A gyerekek fogai gyorsan v\u00e1ltoznak \u00e9s fejl\u0151dnek, k\u00fcl\u00f6n\u00f6sen az els\u0151 n\u00e9h\u00e1ny \u00e9vben. Ekkor alakulnak ki a tejfogak, amelyeket az \u00e9vek sor\u00e1n a marad\u00f3 fogak v\u00e1ltanak fel. A rendszeres fogorvosi l\u00e1togat\u00e1sok lehet\u0151s\u00e9get adnak arra, hogy id\u0151ben \u00e9szrevegy\u00fck az esetleges probl\u00e9m\u00e1kat, p\u00e9ld\u00e1ul a fogszuvasod\u00e1st, a helytelen fogazatot vagy a harap\u00e1si rendelleness\u00e9geket. A helyes fog\u00e1pol\u00e1si szok\u00e1sok kialak\u00edt\u00e1sa A rendszeres fogorvosi l\u00e1togat\u00e1s nemcsak a sz\u00fcl\u0151knek ad lehet\u0151s\u00e9get arra, hogy \u00e1tbesz\u00e9lj\u00e9k gyermekeik fog\u00e1pol\u00e1si szok\u00e1sait a szakemberekkel, hanem a gyerekek sz\u00e1m\u00e1ra is fontos, hogy megismerkedjenek a helyes fogmos\u00e1si technik\u00e1kkal. A fogorvosok seg\u00edthetnek abban, hogy a gyerekek ne csak a fogmos\u00e1s fontoss\u00e1g\u00e1t \u00e9rts\u00e9k meg, hanem azt is, hogyan kell hat\u00e9konyan \u00e1polni a fogaikat. Min\u00e9l el\u0151bb elkezd\u0151dik a helyes fog\u00e1pol\u00e1s, ann\u00e1l kevesebb es\u00e9llyel alakulnak ki k\u00e9s\u0151bb fog\u00e1szati probl\u00e9m\u00e1k. A fogorvos nem mumus A korai fogorvosi tapasztalatok seg\u00edthetnek abban, hogy a gyerekek ne f\u00e9ljenek a fogorvosi kezel\u00e9sekt\u0151l, hanem term\u00e9szetes r\u00e9sze legyen az \u00e9let\u00fcknek. Ha m\u00e1r kis korban megtapasztalj\u00e1k, hogy a fogorvos seg\u00edt nekik, akkor k\u00e9s\u0151bb kev\u00e9sb\u00e9 fognak szorongani a fog\u00e1szati kezel\u00e9sek sor\u00e1n, \u00e9s k\u00f6nnyebben alkalmazkodnak a sz\u00fcks\u00e9ges vizsg\u00e1latokhoz. A legels\u0151 l\u00e1togat\u00e1s A gyermekek els\u0151 fogorvosi l\u00e1togat\u00e1sa \u00e1ltal\u00e1ban az els\u0151 \u00e9let\u00e9v\u00fck k\u00f6rny\u00e9k\u00e9n aj\u00e1nlott. Ekkor m\u00e9g nincs sz\u00fcks\u00e9g kezel\u00e9sre, csup\u00e1n egy bizalom\u00e9p\u00edt\u0151 vizsg\u00e1latra. Az els\u0151 l\u00e1togat\u00e1s c\u00e9lja, hogy a gyermek megszokja a fogorvosi rendel\u0151t, \u00e9s hozz\u00e1szokjon a fog\u00e1szati k\u00f6rnyezethez. Ha minden rendben van, a k\u00f6vetkez\u0151 vizsg\u00e1latok \u00e1ltal\u00e1ban \u00e9vente t\u00f6rt\u00e9nnek. &nbsp; \u00d6sszegz\u00e9s A gyermekek fogorvosi l\u00e1togat\u00e1sainak rendszeress\u00e9ge kulcsfontoss\u00e1g\u00fa a hossz\u00fa t\u00e1v\u00fa sz\u00e1j\u00fcregi eg\u00e9szs\u00e9g\u00fck meg\u0151rz\u00e9s\u00e9ben. A korai kezd\u00e9s seg\u00edthet megel\u0151zni a fog\u00e1szati probl\u00e9m\u00e1kat, hozz\u00e1j\u00e1rulhat a helyes fog\u00e1pol\u00e1si szok\u00e1sok kialak\u00edt\u00e1s\u00e1hoz, \u00e9s \u00e9rzelmileg is t\u00e1mogatja a gyerekeket a fogorvoshoz val\u00f3 hozz\u00e1szok\u00e1sban. Ne feledj\u00fck, hogy a fogorvosi l\u00e1togat\u00e1sok nem csup\u00e1n a kezel\u00e9sek miatt fontosak, hanem a megel\u0151z\u00e9s \u00e9s az eg\u00e9szs\u00e9ges sz\u00e1jhigi\u00e9nia alapj\u00e1t jelenthetik, amelyek seg\u00edtenek a gyerekeknek az eg\u00e9szs\u00e9ges \u00e9lethez vezet\u0151 \u00faton.","protected":false},"author":1,"featured_media":3993,"comment_status":"open","ping_status":"open","sticky":false,"template":"","format":"standard","meta":{"footnotes":""},"categories":[1],"tags":[],"class_list":["post-3989","post","type-post","status-publish","format-standard","has-post-thumbnail","hentry","category-uncategorized"],"_links":{"self":[{"href":"https:\/\/dentissimi.com\/sk\/wp-json\/wp\/v2\/posts\/3989","targetHints":{"allow":["GET"]}}],"collection":[{"href":"https:\/\/dentissimi.com\/sk\/wp-json\/wp\/v2\/posts"}],"about":[{"href":"https:\/\/dentissimi.com\/sk\/wp-json\/wp\/v2\/types\/post"}],"author":[{"embeddable":true,"href":"https:\/\/dentissimi.com\/sk\/wp-json\/wp\/v2\/users\/1"}],"replies":[{"embeddable":true,"href":"https:\/\/dentissimi.com\/sk\/wp-json\/wp\/v2\/comments?post=3989"}],"version-history":[{"count":6,"href":"https:\/\/dentissimi.com\/sk\/wp-json\/wp\/v2\/posts\/3989\/revisions"}],"predecessor-version":[{"id":3996,"href":"https:\/\/dentissimi.com\/sk\/wp-json\/wp\/v2\/posts\/3989\/revisions\/3996"}],"wp:featuredmedia":[{"embeddable":true,"href":"https:\/\/dentissimi.com\/sk\/wp-json\/wp\/v2\/media\/3993"}],"wp:attachment":[{"href":"https:\/\/dentissimi.com\/sk\/wp-json\/wp\/v2\/media?parent=3989"}],"wp:term":[{"taxonomy":"category","embeddable":true,"href":"https:\/\/dentissimi.com\/sk\/wp-json\/wp\/v2\/categories?post=3989"},{"taxonomy":"post_tag","embeddable":true,"href":"https:\/\/dentissimi.com\/sk\/wp-json\/wp\/v2\/tags?post=3989"}],"curies":[{"name":"wp","href":"https:\/\/api.w.org\/{rel}","templated":true}]}}